{"id":624,"date":"2021-10-08T12:28:40","date_gmt":"2021-10-08T10:28:40","guid":{"rendered":"https:\/\/entreterreetciel.org\/?p=624"},"modified":"2021-10-08T12:28:40","modified_gmt":"2021-10-08T10:28:40","slug":"cest-parti","status":"publish","type":"post","link":"https:\/\/entreterreetciel.org\/index.php\/2021\/10\/08\/cest-parti\/","title":{"rendered":"C&rsquo;EST PARTI !"},"content":{"rendered":"\n<p>Vous \u00eates attendus au salon \u00ab\u00a0Entre Terre &amp; Ciel\u00a0\u00bb les 23 et 24 octobre prochains.<br>Consultez la liste des conf\u00e9rences et ateliers propos\u00e9s sur le site.<br><a href=\"https:\/\/www.entreterreetciel.org\">https:\/\/www.entreterreetciel.org<\/a> Partagez aupr\u00e8s de vos amis et venez nombreux rencontrer les exposants dans le respect des r\u00e8gles sanitaires en vigueur.<br>A tr\u00e8s bient\u00f4t pour partager un beau week-end tant attendu !!<br><\/p>\n","protected":false},"excerpt":{"rendered":"<p>Vous \u00eates attendus au salon \u00ab\u00a0Entre Terre &amp; Ciel\u00a0\u00bb les 23 et 24 octobre prochains.Consultez la liste des conf\u00e9rences et ateliers propos\u00e9s sur le site.https:\/\/www.entreterreetciel.org Partagez aupr\u00e8s de vos amis et venez nombreux rencontrer les exposants dans le respect des r\u00e8gles sanitaires en vigueur.A tr\u00e8s bient\u00f4t pour partager un beau week-end tant attendu !!<\/p>\n","protected":false},"author":1,"featured_media":0,"comment_status":"closed","ping_status":"","sticky":false,"template":"","format":"standard","meta":{"footnotes":""},"categories":[4],"tags":[],"class_list":["post-624","post","type-post","status-publish","format-standard","hentry","category-infos"],"_links":{"self":[{"href":"https:\/\/entreterreetciel.org\/index.php\/wp-json\/wp\/v2\/posts\/624","targetHints":{"allow":["GET"]}}],"collection":[{"href":"https:\/\/entreterreetciel.org\/index.php\/wp-json\/wp\/v2\/posts"}],"about":[{"href":"https:\/\/entreterreetciel.org\/index.php\/wp-json\/wp\/v2\/types\/post"}],"author":[{"embeddable":true,"href":"https:\/\/entreterreetciel.org\/index.php\/wp-json\/wp\/v2\/users\/1"}],"replies":[{"embeddable":true,"href":"https:\/\/entreterreetciel.org\/index.php\/wp-json\/wp\/v2\/comments?post=624"}],"version-history":[{"count":1,"href":"https:\/\/entreterreetciel.org\/index.php\/wp-json\/wp\/v2\/posts\/624\/revisions"}],"predecessor-version":[{"id":625,"href":"https:\/\/entreterreetciel.org\/index.php\/wp-json\/wp\/v2\/posts\/624\/revisions\/625"}],"wp:attachment":[{"href":"https:\/\/entreterreetciel.org\/index.php\/wp-json\/wp\/v2\/media?parent=624"}],"wp:term":[{"taxonomy":"category","embeddable":true,"href":"https:\/\/entreterreetciel.org\/index.php\/wp-json\/wp\/v2\/categories?post=624"},{"taxonomy":"post_tag","embeddable":true,"href":"https:\/\/entreterreetciel.org\/index.php\/wp-json\/wp\/v2\/tags?post=624"}],"curies":[{"name":"wp","href":"https:\/\/api.w.org\/{rel}","templated":true}]}}